{"id":10914,"date":"2021-04-27T12:41:05","date_gmt":"2021-04-27T12:41:05","guid":{"rendered":"https:\/\/www.thurne.com\/?p=10914"},"modified":"2022-08-02T07:46:05","modified_gmt":"2022-08-02T07:46:05","slug":"nowy-dyrektor-sprzedazy-w-firmie-thurne","status":"publish","type":"post","link":"https:\/\/www.thurne.com\/pl\/nowy-dyrektor-sprzedazy-w-firmie-thurne\/","title":{"rendered":"Nowy dyrektor sprzeda\u017cy w firmie Thurne"},"content":{"rendered":"<div class=\"wpb-content-wrapper\"><p>[vc_row][vc_column width=&#8221;3\/4&#8243;][vc_single_image image=&#8221;10613&#8243; img_size=&#8221;full&#8221;][vc_column_text]Thurne-Middleby Ltd. og\u0142asza powo\u0142anie Andy Neal na stanowisko dyrektora sprzeda\u017cy na Europ\u0119, Bliski Wsch\u00f3d i Afryk\u0119. B\u0119dzie odpowiedzialny za dalszy rozw\u00f3j obecno\u015bci firmy Thurne na rynku system\u00f3w do krojenia o wysokiej wydajno\u015bci, gdzie jego zadania b\u0119d\u0105 obejmowa\u0142y rozszerzenie sprzeda\u017cy sprawdzonych krajalnic i system\u00f3w krojenia Thurne, a tak\u017ce kompletnych rozwi\u0105za\u0144 linii Middleby.<\/p>\n<p>Andy wnosi ponad 30-letnie do\u015bwiadczenie w sprzeda\u017cy i zarz\u0105dzaniu w sektorze urz\u0105dze\u0144 do przetwarzania i pakowania \u017cywno\u015bci.<\/p>\n<blockquote><p>\u201eDo\u015bwiadczenie Andy b\u0119dzie atutem dla Thurne\u201d \u2013 powiedzia\u0142 Peter Jongen, prezes Thurne. \u201ePosiada dog\u0142\u0119bn\u0105 wiedz\u0119 na temat wymaga\u0144 przemys\u0142u spo\u017cywczego w Europie i poza ni\u0105, co wzmocni nasz\u0105 ofert\u0119 na rynkach \u015bwiatowych\u201d.<\/p><\/blockquote>\n<p>Thurne jest liderem na rynku urz\u0105dze\u0144 do krojenia \u015bwie\u017cego i podgotowanego bekonu i oferuje szerok\u0105 gam\u0119 system\u00f3w do krojenia w\u0119dlin i ser\u00f3w.[\/vc_column_text][\/vc_column][vc_column width=&#8221;1\/4&#8243;][vc_empty_space height=&#8221;10px&#8221;][vc_column_text]<\/p>\n<h4>Ostatnie wiadomo\u015bci<\/h4>\n<p>[\/vc_column_text][lab_blog_posts columns=&#8221;1&#8243; blog_posts_options=&#8221;date&#8221; hover_layer_icon=&#8221;static&#8221; more_link=&#8221;url:https%3A%2F%2Fwww.thurne.com%2Fpl%2Farchiwum-wiadomosci%2F|title:Archiwum%20wiadomo%C5%9Bci&#8221; blog_query=&#8221;size:2|order_by:date|post_type:post|categories:210&#8243;][\/vc_column][\/vc_row]<\/p>\n<\/div>","protected":false},"excerpt":{"rendered":"<p>Thurne powo\u0142uje Andy Neal na stanowisko dyrektora sprzeda\u017cy na region EMEA.<\/p>\n","protected":false},"author":1,"featured_media":10612,"comment_status":"closed","ping_status":"closed","sticky":false,"template":"","format":"standard","meta":{"_acf_changed":false,"footnotes":""},"categories":[210],"tags":[],"class_list":["post-10914","post","type-post","status-publish","format-standard","has-post-thumbnail","hentry","category-wiadomosci"],"acf":[],"yoast_head":"<!-- This site is optimized with the Yoast SEO plugin v27.5 - https:\/\/yoast.com\/product\/yoast-seo-wordpress\/ -->\n<title>Nowy dyrektor sprzeda\u017cy w firmie Thurne<\/title>\n<meta name=\"description\" content=\"Thurne-Middleby Ltd. og\u0142asza powo\u0142anie Andy Neal na stanowisko dyrektora sprzeda\u017cy na Europ\u0119, Bliski Wsch\u00f3d i Afryk\u0119.\" \/>\n<meta name=\"robots\" content=\"index, follow, max-snippet:-1, max-image-preview:large, max-video-preview:-1\" \/>\n<link rel=\"canonical\" href=\"https:\/\/www.thurne.com\/pl\/nowy-dyrektor-sprzedazy-w-firmie-thurne\/\" \/>\n<meta property=\"og:locale\" content=\"pl_PL\" \/>\n<meta property=\"og:type\" content=\"article\" \/>\n<meta property=\"og:title\" content=\"Nowy dyrektor sprzeda\u017cy w firmie Thurne\" \/>\n<meta property=\"og:description\" content=\"Thurne-Middleby Ltd. og\u0142asza powo\u0142anie Andy Neal na stanowisko dyrektora sprzeda\u017cy na Europ\u0119, Bliski Wsch\u00f3d i Afryk\u0119.\" \/>\n<meta property=\"og:url\" content=\"https:\/\/www.thurne.com\/pl\/nowy-dyrektor-sprzedazy-w-firmie-thurne\/\" \/>\n<meta property=\"og:site_name\" content=\"Thurne Slicers\" \/>\n<meta property=\"article:publisher\" content=\"https:\/\/www.facebook.com\/thurnemiddleby\/\" \/>\n<meta property=\"article:published_time\" content=\"2021-04-27T12:41:05+00:00\" \/>\n<meta property=\"article:modified_time\" content=\"2022-08-02T07:46:05+00:00\" \/>\n<meta property=\"og:image\" content=\"https:\/\/www.thurne.com\/wp-content\/uploads\/2021\/04\/2020_December_Andy-Neal_.jpg\" \/>\n\t<meta property=\"og:image:width\" content=\"999\" \/>\n\t<meta property=\"og:image:height\" content=\"666\" \/>\n\t<meta property=\"og:image:type\" content=\"image\/jpeg\" \/>\n<meta name=\"author\" content=\"Thurne\" \/>\n<meta name=\"twitter:card\" content=\"summary_large_image\" \/>\n<meta name=\"twitter:creator\" content=\"@ThurneSlicers\" \/>\n<meta name=\"twitter:site\" content=\"@ThurneSlicers\" \/>\n<!-- \/ Yoast SEO plugin. -->","yoast_head_json":{"title":"Nowy dyrektor sprzeda\u017cy w firmie Thurne","description":"Thurne-Middleby Ltd. og\u0142asza powo\u0142anie Andy Neal na stanowisko dyrektora sprzeda\u017cy na Europ\u0119, Bliski Wsch\u00f3d i Afryk\u0119.","robots":{"index":"index","follow":"follow","max-snippet":"max-snippet:-1","max-image-preview":"max-image-preview:large","max-video-preview":"max-video-preview:-1"},"canonical":"https:\/\/www.thurne.com\/pl\/nowy-dyrektor-sprzedazy-w-firmie-thurne\/","og_locale":"pl_PL","og_type":"article","og_title":"Nowy dyrektor sprzeda\u017cy w firmie Thurne","og_description":"Thurne-Middleby Ltd. og\u0142asza powo\u0142anie Andy Neal na stanowisko dyrektora sprzeda\u017cy na Europ\u0119, Bliski Wsch\u00f3d i Afryk\u0119.","og_url":"https:\/\/www.thurne.com\/pl\/nowy-dyrektor-sprzedazy-w-firmie-thurne\/","og_site_name":"Thurne Slicers","article_publisher":"https:\/\/www.facebook.com\/thurnemiddleby\/","article_published_time":"2021-04-27T12:41:05+00:00","article_modified_time":"2022-08-02T07:46:05+00:00","og_image":[{"width":999,"height":666,"url":"https:\/\/www.thurne.com\/wp-content\/uploads\/2021\/04\/2020_December_Andy-Neal_.jpg","type":"image\/jpeg"}],"author":"Thurne","twitter_card":"summary_large_image","twitter_creator":"@ThurneSlicers","twitter_site":"@ThurneSlicers","schema":{"@context":"https:\/\/schema.org","@graph":[{"@type":"NewsArticle","@id":"https:\/\/www.thurne.com\/pl\/nowy-dyrektor-sprzedazy-w-firmie-thurne\/#article","isPartOf":{"@id":"https:\/\/www.thurne.com\/pl\/nowy-dyrektor-sprzedazy-w-firmie-thurne\/"},"author":{"name":"Thurne","@id":"https:\/\/www.thurne.com\/pl\/#\/schema\/person\/6e22b06bddf7b60f269cf32372ae7d9c"},"headline":"Nowy dyrektor sprzeda\u017cy w firmie Thurne","datePublished":"2021-04-27T12:41:05+00:00","dateModified":"2022-08-02T07:46:05+00:00","mainEntityOfPage":{"@id":"https:\/\/www.thurne.com\/pl\/nowy-dyrektor-sprzedazy-w-firmie-thurne\/"},"wordCount":238,"publisher":{"@id":"https:\/\/www.thurne.com\/pl\/#organization"},"image":{"@id":"https:\/\/www.thurne.com\/pl\/nowy-dyrektor-sprzedazy-w-firmie-thurne\/#primaryimage"},"thumbnailUrl":"https:\/\/www.thurne.com\/wp-content\/uploads\/2021\/04\/2020_December_Andy-Neal_.jpg","articleSection":["Wiadomo\u015bci"],"inLanguage":"pl-PL"},{"@type":"WebPage","@id":"https:\/\/www.thurne.com\/pl\/nowy-dyrektor-sprzedazy-w-firmie-thurne\/","url":"https:\/\/www.thurne.com\/pl\/nowy-dyrektor-sprzedazy-w-firmie-thurne\/","name":"Nowy dyrektor sprzeda\u017cy w firmie Thurne","isPartOf":{"@id":"https:\/\/www.thurne.com\/pl\/#website"},"primaryImageOfPage":{"@id":"https:\/\/www.thurne.com\/pl\/nowy-dyrektor-sprzedazy-w-firmie-thurne\/#primaryimage"},"image":{"@id":"https:\/\/www.thurne.com\/pl\/nowy-dyrektor-sprzedazy-w-firmie-thurne\/#primaryimage"},"thumbnailUrl":"https:\/\/www.thurne.com\/wp-content\/uploads\/2021\/04\/2020_December_Andy-Neal_.jpg","datePublished":"2021-04-27T12:41:05+00:00","dateModified":"2022-08-02T07:46:05+00:00","description":"Thurne-Middleby Ltd. og\u0142asza powo\u0142anie Andy Neal na stanowisko dyrektora sprzeda\u017cy na Europ\u0119, Bliski Wsch\u00f3d i Afryk\u0119.","breadcrumb":{"@id":"https:\/\/www.thurne.com\/pl\/nowy-dyrektor-sprzedazy-w-firmie-thurne\/#breadcrumb"},"inLanguage":"pl-PL","potentialAction":[{"@type":"ReadAction","target":["https:\/\/www.thurne.com\/pl\/nowy-dyrektor-sprzedazy-w-firmie-thurne\/"]}]},{"@type":"ImageObject","inLanguage":"pl-PL","@id":"https:\/\/www.thurne.com\/pl\/nowy-dyrektor-sprzedazy-w-firmie-thurne\/#primaryimage","url":"https:\/\/www.thurne.com\/wp-content\/uploads\/2021\/04\/2020_December_Andy-Neal_.jpg","contentUrl":"https:\/\/www.thurne.com\/wp-content\/uploads\/2021\/04\/2020_December_Andy-Neal_.jpg","width":999,"height":666},{"@type":"BreadcrumbList","@id":"https:\/\/www.thurne.com\/pl\/nowy-dyrektor-sprzedazy-w-firmie-thurne\/#breadcrumb","itemListElement":[{"@type":"ListItem","position":1,"name":"Home","item":"https:\/\/www.thurne.com\/pl\/"},{"@type":"ListItem","position":2,"name":"Nowy dyrektor sprzeda\u017cy w firmie Thurne"}]},{"@type":"WebSite","@id":"https:\/\/www.thurne.com\/pl\/#website","url":"https:\/\/www.thurne.com\/pl\/","name":"Thurne Slicers","description":"Thurne High Performance Slicing Systems","publisher":{"@id":"https:\/\/www.thurne.com\/pl\/#organization"},"potentialAction":[{"@type":"SearchAction","target":{"@type":"EntryPoint","urlTemplate":"https:\/\/www.thurne.com\/pl\/?s={search_term_string}"},"query-input":{"@type":"PropertyValueSpecification","valueRequired":true,"valueName":"search_term_string"}}],"inLanguage":"pl-PL"},{"@type":"Organization","@id":"https:\/\/www.thurne.com\/pl\/#organization","name":"Thurne High Performance Slicing Systems","url":"https:\/\/www.thurne.com\/pl\/","logo":{"@type":"ImageObject","inLanguage":"pl-PL","@id":"https:\/\/www.thurne.com\/pl\/#\/schema\/logo\/image\/","url":"https:\/\/www.thurne.com\/wp-content\/uploads\/2020\/11\/FINAL-THURNE-LOGO-FEB-2015-CMYK.png","contentUrl":"https:\/\/www.thurne.com\/wp-content\/uploads\/2020\/11\/FINAL-THURNE-LOGO-FEB-2015-CMYK.png","width":1067,"height":374,"caption":"Thurne High Performance Slicing Systems"},"image":{"@id":"https:\/\/www.thurne.com\/pl\/#\/schema\/logo\/image\/"},"sameAs":["https:\/\/www.facebook.com\/thurnemiddleby\/","https:\/\/x.com\/ThurneSlicers","https:\/\/www.linkedin.com\/company\/thurne-middleby-ltd","https:\/\/www.youtube.com\/channel\/UCvejSwv30BAuKKHGSdtUAEw"]},{"@type":"Person","@id":"https:\/\/www.thurne.com\/pl\/#\/schema\/person\/6e22b06bddf7b60f269cf32372ae7d9c","name":"Thurne","image":{"@type":"ImageObject","inLanguage":"pl-PL","@id":"https:\/\/secure.gravatar.com\/avatar\/5bc506eee92e3d7ed11da88ea4fc2cb220a0a6bcc93163d574d826cecc34b99c?s=96&d=mm&r=g","url":"https:\/\/secure.gravatar.com\/avatar\/5bc506eee92e3d7ed11da88ea4fc2cb220a0a6bcc93163d574d826cecc34b99c?s=96&d=mm&r=g","contentUrl":"https:\/\/secure.gravatar.com\/avatar\/5bc506eee92e3d7ed11da88ea4fc2cb220a0a6bcc93163d574d826cecc34b99c?s=96&d=mm&r=g","caption":"Thurne"},"sameAs":["https:\/\/thurne.com\/wp"],"url":"https:\/\/www.thurne.com\/pl\/author\/thurne\/"}]}},"publishpress_future_action":{"enabled":false,"date":"2026-05-08 13:29:08","action":"change-status","newStatus":"draft","terms":[],"taxonomy":"category","extraData":[]},"publishpress_future_workflow_manual_trigger":{"enabledWorkflows":[]},"_links":{"self":[{"href":"https:\/\/www.thurne.com\/pl\/wp-json\/wp\/v2\/posts\/10914","targetHints":{"allow":["GET"]}}],"collection":[{"href":"https:\/\/www.thurne.com\/pl\/wp-json\/wp\/v2\/posts"}],"about":[{"href":"https:\/\/www.thurne.com\/pl\/wp-json\/wp\/v2\/types\/post"}],"author":[{"embeddable":true,"href":"https:\/\/www.thurne.com\/pl\/wp-json\/wp\/v2\/users\/1"}],"replies":[{"embeddable":true,"href":"https:\/\/www.thurne.com\/pl\/wp-json\/wp\/v2\/comments?post=10914"}],"version-history":[{"count":5,"href":"https:\/\/www.thurne.com\/pl\/wp-json\/wp\/v2\/posts\/10914\/revisions"}],"predecessor-version":[{"id":11518,"href":"https:\/\/www.thurne.com\/pl\/wp-json\/wp\/v2\/posts\/10914\/revisions\/11518"}],"wp:featuredmedia":[{"embeddable":true,"href":"https:\/\/www.thurne.com\/pl\/wp-json\/wp\/v2\/media\/10612"}],"wp:attachment":[{"href":"https:\/\/www.thurne.com\/pl\/wp-json\/wp\/v2\/media?parent=10914"}],"wp:term":[{"taxonomy":"category","embeddable":true,"href":"https:\/\/www.thurne.com\/pl\/wp-json\/wp\/v2\/categories?post=10914"},{"taxonomy":"post_tag","embeddable":true,"href":"https:\/\/www.thurne.com\/pl\/wp-json\/wp\/v2\/tags?post=10914"}],"curies":[{"name":"wp","href":"https:\/\/api.w.org\/{rel}","templated":true}]}}