{"id":8877,"date":"2021-06-28T08:00:07","date_gmt":"2021-06-28T08:00:07","guid":{"rendered":"https:\/\/www.thurne.com\/?p=8877"},"modified":"2022-08-01T12:37:24","modified_gmt":"2022-08-01T12:37:24","slug":"nuevo-gerente-de-ventas-de-area-de-ee-uu","status":"publish","type":"post","link":"https:\/\/www.thurne.com\/es\/nuevo-gerente-de-ventas-de-area-de-ee-uu\/","title":{"rendered":"Nuevo gerente de ventas de \u00e1rea de EE. UU."},"content":{"rendered":"<div class=\"wpb-content-wrapper\"><p>[vc_row][vc_column][vc_separator][\/vc_column][\/vc_row][vc_row][vc_column width=\u00bb3\/4&#8243;][vc_single_image image=\u00bb8084&#8243; img_size=\u00bbfull\u00bb][vc_column_text]Thurne USA y Danfotech USA anuncian el nombramiento de Charlie Carr como Gerente de Ventas de \u00c1rea.<\/p>\n<p>Charlie aporta al puesto m\u00e1s de 27 a\u00f1os de experiencia en gesti\u00f3n de operaciones con Smithfield Foods y Butterball. Hizo la transici\u00f3n a ventas de equipos de empaque como Gerente de Ventas de \u00c1rea para las marcas CV-Tek y Rapidpak de Middleby en 2018.<\/p>\n<p>\u00abCharlie ha experimentado los desaf\u00edos del d\u00eda a d\u00eda del procesamiento de carne de primera mano\u00bb, dijo Mark Douglas, vicepresidente de ventas de Thurne USA. \u201cSu profundo conocimiento ayudar\u00e1 a Thurne a proporcionar las mejores soluciones de corte para satisfacer las necesidades de procesamiento de nuestros clientes. Nos complace tenerlo a bordo \u00ab.<\/p>\n<p>Thurne es l\u00edder del mercado en equipos para rebanar tocino fresco y precocido, y ofrece una amplia gama de sistemas de rebanado para aplicaciones de quesos y carnes cocidas y curadas.<\/p>\n<p>Danfotech suministra una amplia gama de equipos especializados para la industria de procesamiento de alimentos, desde prensas de tocino, l\u00edneas de descongelaci\u00f3n, vasos de masaje, l\u00edneas de producci\u00f3n de jam\u00f3n y ablandadores hasta sistemas de carga \/ descarga construidos alrededor de tanques de cocci\u00f3n u hornos.[\/vc_column_text][\/vc_column][vc_column width=\u00bb1\/4&#8243;][vc_empty_space height=\u00bb10px\u00bb][vc_column_text]<\/p>\n<h4>Ultimas Noticias<\/h4>\n<p>[\/vc_column_text][lab_blog_posts columns=\u00bb1&#8243; blog_posts_options=\u00bbdate\u00bb hover_layer_icon=\u00bbstatic\u00bb more_link=\u00bburl:https%3A%2F%2Fwww.thurne.com%2Fes%2Fnoticias-archivo%2F|title:News%20Archive\u00bb blog_query=\u00bbsize:2|order_by:date|post_type:post|categories:108&#8243;][\/vc_column][\/vc_row]<\/p>\n<\/div>","protected":false},"excerpt":{"rendered":"<p>Thurne USA nombra a Charlie Carr como Gerente de Ventas de \u00c1rea<\/p>\n","protected":false},"author":1,"featured_media":8079,"comment_status":"closed","ping_status":"closed","sticky":false,"template":"","format":"standard","meta":{"_acf_changed":false,"footnotes":""},"categories":[108],"tags":[],"class_list":["post-8877","post","type-post","status-publish","format-standard","has-post-thumbnail","hentry","category-noticias"],"acf":[],"yoast_head":"<!-- This site is optimized with the Yoast SEO plugin v27.4 - https:\/\/yoast.com\/product\/yoast-seo-wordpress\/ -->\n<title>Nuevo gerente de ventas de \u00e1rea de EE. UU.<\/title>\n<meta name=\"description\" content=\"Thurne USA y Danfotech USA anuncian el nombramiento de Charlie Carr como Gerente de Ventas de \u00c1rea.\" \/>\n<meta name=\"robots\" content=\"index, follow, max-snippet:-1, max-image-preview:large, max-video-preview:-1\" \/>\n<link rel=\"canonical\" href=\"https:\/\/www.thurne.com\/es\/nuevo-gerente-de-ventas-de-area-de-ee-uu\/\" \/>\n<meta property=\"og:locale\" content=\"es_ES\" \/>\n<meta property=\"og:type\" content=\"article\" \/>\n<meta property=\"og:title\" content=\"Nuevo gerente de ventas de \u00e1rea de EE. UU.\" \/>\n<meta property=\"og:description\" content=\"Thurne USA y Danfotech USA anuncian el nombramiento de Charlie Carr como Gerente de Ventas de \u00c1rea.\" \/>\n<meta property=\"og:url\" content=\"https:\/\/www.thurne.com\/es\/nuevo-gerente-de-ventas-de-area-de-ee-uu\/\" \/>\n<meta property=\"og:site_name\" content=\"Thurne Slicers\" \/>\n<meta property=\"article:publisher\" content=\"https:\/\/www.facebook.com\/thurnemiddleby\/\" \/>\n<meta property=\"article:published_time\" content=\"2021-06-28T08:00:07+00:00\" \/>\n<meta property=\"article:modified_time\" content=\"2022-08-01T12:37:24+00:00\" \/>\n<meta property=\"og:image\" content=\"https:\/\/www.thurne.com\/wp-content\/uploads\/2021\/06\/Charlie-Carr-4x3-1.jpg\" \/>\n\t<meta property=\"og:image:width\" content=\"999\" \/>\n\t<meta property=\"og:image:height\" content=\"666\" \/>\n\t<meta property=\"og:image:type\" content=\"image\/jpeg\" \/>\n<meta name=\"author\" content=\"Thurne\" \/>\n<meta name=\"twitter:card\" content=\"summary_large_image\" \/>\n<meta name=\"twitter:creator\" content=\"@ThurneSlicers\" \/>\n<meta name=\"twitter:site\" content=\"@ThurneSlicers\" \/>\n<!-- \/ Yoast SEO plugin. -->","yoast_head_json":{"title":"Nuevo gerente de ventas de \u00e1rea de EE. UU.","description":"Thurne USA y Danfotech USA anuncian el nombramiento de Charlie Carr como Gerente de Ventas de \u00c1rea.","robots":{"index":"index","follow":"follow","max-snippet":"max-snippet:-1","max-image-preview":"max-image-preview:large","max-video-preview":"max-video-preview:-1"},"canonical":"https:\/\/www.thurne.com\/es\/nuevo-gerente-de-ventas-de-area-de-ee-uu\/","og_locale":"es_ES","og_type":"article","og_title":"Nuevo gerente de ventas de \u00e1rea de EE. UU.","og_description":"Thurne USA y Danfotech USA anuncian el nombramiento de Charlie Carr como Gerente de Ventas de \u00c1rea.","og_url":"https:\/\/www.thurne.com\/es\/nuevo-gerente-de-ventas-de-area-de-ee-uu\/","og_site_name":"Thurne Slicers","article_publisher":"https:\/\/www.facebook.com\/thurnemiddleby\/","article_published_time":"2021-06-28T08:00:07+00:00","article_modified_time":"2022-08-01T12:37:24+00:00","og_image":[{"width":999,"height":666,"url":"https:\/\/www.thurne.com\/wp-content\/uploads\/2021\/06\/Charlie-Carr-4x3-1.jpg","type":"image\/jpeg"}],"author":"Thurne","twitter_card":"summary_large_image","twitter_creator":"@ThurneSlicers","twitter_site":"@ThurneSlicers","schema":{"@context":"https:\/\/schema.org","@graph":[{"@type":"NewsArticle","@id":"https:\/\/www.thurne.com\/es\/nuevo-gerente-de-ventas-de-area-de-ee-uu\/#article","isPartOf":{"@id":"https:\/\/www.thurne.com\/es\/nuevo-gerente-de-ventas-de-area-de-ee-uu\/"},"author":{"name":"Thurne","@id":"https:\/\/www.thurne.com\/es\/#\/schema\/person\/6e22b06bddf7b60f269cf32372ae7d9c"},"headline":"Nuevo gerente de ventas de \u00e1rea de EE. UU.","datePublished":"2021-06-28T08:00:07+00:00","dateModified":"2022-08-01T12:37:24+00:00","mainEntityOfPage":{"@id":"https:\/\/www.thurne.com\/es\/nuevo-gerente-de-ventas-de-area-de-ee-uu\/"},"wordCount":297,"publisher":{"@id":"https:\/\/www.thurne.com\/es\/#organization"},"image":{"@id":"https:\/\/www.thurne.com\/es\/nuevo-gerente-de-ventas-de-area-de-ee-uu\/#primaryimage"},"thumbnailUrl":"https:\/\/www.thurne.com\/wp-content\/uploads\/2021\/06\/Charlie-Carr-4x3-1.jpg","articleSection":["Noticias"],"inLanguage":"es"},{"@type":"WebPage","@id":"https:\/\/www.thurne.com\/es\/nuevo-gerente-de-ventas-de-area-de-ee-uu\/","url":"https:\/\/www.thurne.com\/es\/nuevo-gerente-de-ventas-de-area-de-ee-uu\/","name":"Nuevo gerente de ventas de \u00e1rea de EE. UU.","isPartOf":{"@id":"https:\/\/www.thurne.com\/es\/#website"},"primaryImageOfPage":{"@id":"https:\/\/www.thurne.com\/es\/nuevo-gerente-de-ventas-de-area-de-ee-uu\/#primaryimage"},"image":{"@id":"https:\/\/www.thurne.com\/es\/nuevo-gerente-de-ventas-de-area-de-ee-uu\/#primaryimage"},"thumbnailUrl":"https:\/\/www.thurne.com\/wp-content\/uploads\/2021\/06\/Charlie-Carr-4x3-1.jpg","datePublished":"2021-06-28T08:00:07+00:00","dateModified":"2022-08-01T12:37:24+00:00","description":"Thurne USA y Danfotech USA anuncian el nombramiento de Charlie Carr como Gerente de Ventas de \u00c1rea.","breadcrumb":{"@id":"https:\/\/www.thurne.com\/es\/nuevo-gerente-de-ventas-de-area-de-ee-uu\/#breadcrumb"},"inLanguage":"es","potentialAction":[{"@type":"ReadAction","target":["https:\/\/www.thurne.com\/es\/nuevo-gerente-de-ventas-de-area-de-ee-uu\/"]}]},{"@type":"ImageObject","inLanguage":"es","@id":"https:\/\/www.thurne.com\/es\/nuevo-gerente-de-ventas-de-area-de-ee-uu\/#primaryimage","url":"https:\/\/www.thurne.com\/wp-content\/uploads\/2021\/06\/Charlie-Carr-4x3-1.jpg","contentUrl":"https:\/\/www.thurne.com\/wp-content\/uploads\/2021\/06\/Charlie-Carr-4x3-1.jpg","width":999,"height":666},{"@type":"BreadcrumbList","@id":"https:\/\/www.thurne.com\/es\/nuevo-gerente-de-ventas-de-area-de-ee-uu\/#breadcrumb","itemListElement":[{"@type":"ListItem","position":1,"name":"Home","item":"https:\/\/www.thurne.com\/es\/"},{"@type":"ListItem","position":2,"name":"Nuevo gerente de ventas de \u00e1rea de EE. UU."}]},{"@type":"WebSite","@id":"https:\/\/www.thurne.com\/es\/#website","url":"https:\/\/www.thurne.com\/es\/","name":"Thurne Slicers","description":"Thurne High Performance Slicing Systems","publisher":{"@id":"https:\/\/www.thurne.com\/es\/#organization"},"potentialAction":[{"@type":"SearchAction","target":{"@type":"EntryPoint","urlTemplate":"https:\/\/www.thurne.com\/es\/?s={search_term_string}"},"query-input":{"@type":"PropertyValueSpecification","valueRequired":true,"valueName":"search_term_string"}}],"inLanguage":"es"},{"@type":"Organization","@id":"https:\/\/www.thurne.com\/es\/#organization","name":"Thurne High Performance Slicing Systems","url":"https:\/\/www.thurne.com\/es\/","logo":{"@type":"ImageObject","inLanguage":"es","@id":"https:\/\/www.thurne.com\/es\/#\/schema\/logo\/image\/","url":"https:\/\/www.thurne.com\/wp-content\/uploads\/2020\/11\/FINAL-THURNE-LOGO-FEB-2015-CMYK.png","contentUrl":"https:\/\/www.thurne.com\/wp-content\/uploads\/2020\/11\/FINAL-THURNE-LOGO-FEB-2015-CMYK.png","width":1067,"height":374,"caption":"Thurne High Performance Slicing Systems"},"image":{"@id":"https:\/\/www.thurne.com\/es\/#\/schema\/logo\/image\/"},"sameAs":["https:\/\/www.facebook.com\/thurnemiddleby\/","https:\/\/x.com\/ThurneSlicers","https:\/\/www.linkedin.com\/company\/thurne-middleby-ltd","https:\/\/www.youtube.com\/channel\/UCvejSwv30BAuKKHGSdtUAEw"]},{"@type":"Person","@id":"https:\/\/www.thurne.com\/es\/#\/schema\/person\/6e22b06bddf7b60f269cf32372ae7d9c","name":"Thurne","image":{"@type":"ImageObject","inLanguage":"es","@id":"https:\/\/secure.gravatar.com\/avatar\/5bc506eee92e3d7ed11da88ea4fc2cb220a0a6bcc93163d574d826cecc34b99c?s=96&d=mm&r=g","url":"https:\/\/secure.gravatar.com\/avatar\/5bc506eee92e3d7ed11da88ea4fc2cb220a0a6bcc93163d574d826cecc34b99c?s=96&d=mm&r=g","contentUrl":"https:\/\/secure.gravatar.com\/avatar\/5bc506eee92e3d7ed11da88ea4fc2cb220a0a6bcc93163d574d826cecc34b99c?s=96&d=mm&r=g","caption":"Thurne"},"sameAs":["https:\/\/thurne.com\/wp"],"url":"https:\/\/www.thurne.com\/es\/author\/thurne\/"}]}},"publishpress_future_action":{"enabled":false,"date":"2026-05-03 21:51:27","action":"change-status","newStatus":"draft","terms":[],"taxonomy":"category","extraData":[]},"publishpress_future_workflow_manual_trigger":{"enabledWorkflows":[]},"_links":{"self":[{"href":"https:\/\/www.thurne.com\/es\/wp-json\/wp\/v2\/posts\/8877","targetHints":{"allow":["GET"]}}],"collection":[{"href":"https:\/\/www.thurne.com\/es\/wp-json\/wp\/v2\/posts"}],"about":[{"href":"https:\/\/www.thurne.com\/es\/wp-json\/wp\/v2\/types\/post"}],"author":[{"embeddable":true,"href":"https:\/\/www.thurne.com\/es\/wp-json\/wp\/v2\/users\/1"}],"replies":[{"embeddable":true,"href":"https:\/\/www.thurne.com\/es\/wp-json\/wp\/v2\/comments?post=8877"}],"version-history":[{"count":5,"href":"https:\/\/www.thurne.com\/es\/wp-json\/wp\/v2\/posts\/8877\/revisions"}],"predecessor-version":[{"id":11499,"href":"https:\/\/www.thurne.com\/es\/wp-json\/wp\/v2\/posts\/8877\/revisions\/11499"}],"wp:featuredmedia":[{"embeddable":true,"href":"https:\/\/www.thurne.com\/es\/wp-json\/wp\/v2\/media\/8079"}],"wp:attachment":[{"href":"https:\/\/www.thurne.com\/es\/wp-json\/wp\/v2\/media?parent=8877"}],"wp:term":[{"taxonomy":"category","embeddable":true,"href":"https:\/\/www.thurne.com\/es\/wp-json\/wp\/v2\/categories?post=8877"},{"taxonomy":"post_tag","embeddable":true,"href":"https:\/\/www.thurne.com\/es\/wp-json\/wp\/v2\/tags?post=8877"}],"curies":[{"name":"wp","href":"https:\/\/api.w.org\/{rel}","templated":true}]}}